{"id":3863,"date":"2025-12-02T18:43:56","date_gmt":"2025-12-02T16:43:56","guid":{"rendered":"https:\/\/www.eczk.cz\/?p=3863"},"modified":"2025-12-02T18:45:18","modified_gmt":"2025-12-02T16:45:18","slug":"krasa-bez-skalpelu","status":"publish","type":"post","link":"https:\/\/www.eczk.cz\/index.php\/2025\/12\/02\/krasa-bez-skalpelu\/","title":{"rendered":"Kr\u00e1sa bez skalpelu"},"content":{"rendered":"<div id=\"themify_builder_content-3863\" data-postid=\"3863\" class=\"themify_builder_content themify_builder_content-3863 themify_builder tf_clear\">\n    \t<!-- module_row -->\n\t<div  data-css_id=\"tb_y7vk407\" data-lazy=\"1\" class=\"themify_builder_row module_row tb_y7vk407 tb_first clearfix\">\n\t    \t    <div class=\"row_inner col_align_top tf_box tf_w tf_rel\" >\n\t\t\t<div  data-lazy=\"1\" class=\"module_column tb-column col-full first tb_vpi3408 tf_box\">\n\t    \t    \t        <div class=\"tb-column-inner tf_box tf_w\">\n\t\t    <!-- module text -->\n<div  class=\"module module-text tb_yqei324   \" data-lazy=\"1\">\n            <div  class=\"tb_text_wrap\">\n    <p style=\"text-align: center;\">Nov\u00fd seri\u00e1l <strong>R\u00e1dia Jih &#8211; Kr\u00e1sa bez skalpelu<\/strong> bude vys\u00edl\u00e1n ka\u017ed\u00fd t\u00fdden v sobotu dopoledne. V\u0161echny d\u00edly postupn\u011b \u010dasu najdete tak\u00e9 na na\u0161ich webov\u00fdch str\u00e1nk\u00e1ch <a title=\"Kr\u00e1sa bez skalpelu\" href=\"https:\/\/www.eczk.cz\/index.php\/krasa-bez-skalpelu\/\" target=\"_blank\" rel=\"noopener\">zde<\/a>.<\/p>    <\/div>\n<\/div>\n<!-- \/module text --><!-- module gallery -->\n<div  class=\"module gallery module-gallery tb_60jg185 layout-grid  \" data-lazy=\"1\">\n            <div class=\"module-gallery-grid gallery-columns-1 tf_clear\">\n\t\t\t<dl class=\"gallery-item\">\n\t\t\t<dt class=\"gallery-icon\">\n\t\t\t<a data-title=\"\" title=\"\" href=\"https:\/\/www.eczk.cz\/wp-content\/uploads\/2025\/12\/krejzlik-radio-jih.jpg\" data-rel=\"tb_60jg185\" class=\"themify_lightbox\"><img loading=\"lazy\" src=\"https:\/\/www.eczk.cz\/wp-content\/uploads\/2025\/12\/krejzlik-radio-jih-1024x576-300x200.jpg\" width=\"300\" height=\"200\" class=\"wp-post-image wp-image-3866\" title=\"krejzlik radio jih\" alt=\"krejzlik radio jih\"><\/a>\t\t\t<\/dt>\n\t\t\t<dd>\n\t\t\t\t\t\t\t\t\t\t\t<\/dd>\n\t\t<\/dl>\n\t<\/div>\n\n<\/div>\n<!-- \/module gallery -->\n\t        <\/div>\n\t    \t<\/div>\n\t\t    <\/div>\n\t    <!-- \/row_inner -->\n\t<\/div>\n\t<!-- \/module_row -->\n\t<\/div>\n\n\n\n\n<p><\/p>\n","protected":false},"excerpt":{"rendered":"","protected":false},"author":3,"featured_media":0,"comment_status":"closed","ping_status":"closed","sticky":false,"template":"","format":"standard","meta":[],"categories":[28],"tags":[],"builder_content":"<p style=\"text-align: center;\">Nov\u00fd seri\u00e1l <strong>R\u00e1dia Jih - Kr\u00e1sa bez skalpelu<\/strong> bude vys\u00edl\u00e1n ka\u017ed\u00fd t\u00fdden v sobotu dopoledne. V\u0161echny d\u00edly postupn\u011b \u010dasu najdete tak\u00e9 na na\u0161ich webov\u00fdch str\u00e1nk\u00e1ch <a title=\"Kr\u00e1sa bez skalpelu\" href=\"https:\/\/www.eczk.cz\/index.php\/krasa-bez-skalpelu\/\" target=\"_blank\" rel=\"noopener\">zde<\/a>.<\/p>\n[gallery ids=\"3866\"]","_links":{"self":[{"href":"https:\/\/www.eczk.cz\/index.php\/wp-json\/wp\/v2\/posts\/3863"}],"collection":[{"href":"https:\/\/www.eczk.cz\/index.php\/wp-json\/wp\/v2\/posts"}],"about":[{"href":"https:\/\/www.eczk.cz\/index.php\/wp-json\/wp\/v2\/types\/post"}],"author":[{"embeddable":true,"href":"https:\/\/www.eczk.cz\/index.php\/wp-json\/wp\/v2\/users\/3"}],"replies":[{"embeddable":true,"href":"https:\/\/www.eczk.cz\/index.php\/wp-json\/wp\/v2\/comments?post=3863"}],"version-history":[{"count":4,"href":"https:\/\/www.eczk.cz\/index.php\/wp-json\/wp\/v2\/posts\/3863\/revisions"}],"predecessor-version":[{"id":3868,"href":"https:\/\/www.eczk.cz\/index.php\/wp-json\/wp\/v2\/posts\/3863\/revisions\/3868"}],"wp:attachment":[{"href":"https:\/\/www.eczk.cz\/index.php\/wp-json\/wp\/v2\/media?parent=3863"}],"wp:term":[{"taxonomy":"category","embeddable":true,"href":"https:\/\/www.eczk.cz\/index.php\/wp-json\/wp\/v2\/categories?post=3863"},{"taxonomy":"post_tag","embeddable":true,"href":"https:\/\/www.eczk.cz\/index.php\/wp-json\/wp\/v2\/tags?post=3863"}],"curies":[{"name":"wp","href":"https:\/\/api.w.org\/{rel}","templated":true}]}}